{"id":2196,"date":"2023-05-23T15:08:56","date_gmt":"2023-05-23T15:08:56","guid":{"rendered":"https:\/\/www.blueislandsdiving.com\/8-de-junio-2023-limpieza-submarina-y-de-playa-cala-galdana\/"},"modified":"2023-05-23T15:08:58","modified_gmt":"2023-05-23T15:08:58","slug":"8-de-junio-2023-limpieza-submarina-y-de-playa-cala-galdana","status":"publish","type":"post","link":"https:\/\/www.blueislandsdiving.com\/es\/8-de-junio-2023-limpieza-submarina-y-de-playa-cala-galdana\/","title":{"rendered":"8 de JUNIO 2023 &#8211; Limpieza submarina y de playa Cala Galdana"},"content":{"rendered":"<p><span style=\"font-family: Lustria; color: #000080;\">El <strong>D\u00eda Internacional de los Oc\u00e9anos <\/strong>es algo que nos importa mucho aqu\u00ed en el <strong>Blue Islands Diving<\/strong>.<\/span><\/p>\n<p><span style=\"font-family: Lustria; color: #000080;\">Es una oportunidad para informar a toda la comunidad sobre las condiciones actuales de nuestros oc\u00e9anos, los problemas m\u00e1s urgentes y las <strong>acciones<\/strong> que podemos tomar como individuos y como comunidad.<\/span><\/p>\n<p><span style=\"font-family: Lustria; color: #000080;\"><strong>Menorca<\/strong> es una isla m\u00e1gica que se preocupa profundamente por la conservaci\u00f3n marina y todos en el Blue Islands Diving estamos convencidos de que juntos podemos marcar la <strong>diferencia<\/strong>.<\/span><\/p>\n<p>&nbsp;<\/p>\n<p class=\"_04xlpA direction-ltr align-center para-style-body\"><span style=\"font-family: Lustria; color: #000080;\"><span class=\"WdYUQQ\">Si tienes <strong>titulaci\u00f3n de buceo<\/strong>,<\/span><span class=\"WdYUQQ\">\u00fanete al grupo de <strong>limpieza submarina<\/strong>.<\/span><span class=\"WdYUQQ\">De lo contrario, \u00fanete <\/span><span class=\"WdYUQQ\">al grupo de <strong>limpieza de playa<\/strong>.<\/span><\/span><\/p>\n<p class=\"_04xlpA direction-ltr align-center para-style-body\"><span style=\"font-family: Lustria; color: #000080;\"><span class=\"WdYUQQ\">Nuestro centro de buceo <strong>Blue Islands Diving <\/strong><\/span><span class=\"WdYUQQ\">proporcionar\u00e1 el equipo para los buceador@s<\/span><\/span><\/p>\n<p class=\"_04xlpA direction-ltr align-center para-style-body\"><span style=\"font-family: Lustria; color: #000080;\"><span class=\"WdYUQQ\">El <strong>Hotel ARTIEM Audax <\/strong><\/span><span class=\"WdYUQQ\">proporcionar\u00e1 kayaks para apoyar l@s buceado@s<\/span><\/span><\/p>\n<p class=\"_04xlpA direction-ltr align-center para-style-body\"><span style=\"font-family: Lustria; color: #000080;\"><span class=\"WdYUQQ\">Los <strong>Hoteles Meli\u00e1 <\/strong><\/span><span class=\"WdYUQQ\">proporcionar\u00e1n material de limpieza y picnic para tod@s l@s voluntari@s<\/span><\/span><\/p>\n<p>&nbsp;<\/p>\n<p style=\"text-align: center;\"><span style=\"color: #000080; font-size: 14pt; font-family: 'trebuchet ms', geneva;\"><strong>\u00a1AYUDANOS a limpiar nuestro MAR y nuestras playas, mira el plan y LL\u00c1MANOS para apuntarte!<\/strong><\/span><\/p>\n<p style=\"text-align: center;\"><span style=\"font-size: 14pt; color: #000080; font-family: 'trebuchet ms', geneva;\"><strong>+34 633 56 35 26<\/strong><\/span><\/p>\n<p><img loading=\"lazy\" decoding=\"async\" class=\"wp-image-2170 aligncenter\" src=\"https:\/\/www.blueislandsdiving.com\/wp-content\/uploads\/2023\/05\/8-Junio-2023-volantino-def-jpg.webp\" alt=\"\" width=\"437\" height=\"618\" srcset=\"https:\/\/www.blueislandsdiving.com\/wp-content\/uploads\/2023\/05\/8-Junio-2023-volantino-def-jpg.webp 1414w, https:\/\/www.blueislandsdiving.com\/wp-content\/uploads\/2023\/05\/8-Junio-2023-volantino-def-jpg-212x300.webp 212w, https:\/\/www.blueislandsdiving.com\/wp-content\/uploads\/2023\/05\/8-Junio-2023-volantino-def-jpg-724x1024.webp 724w, https:\/\/www.blueislandsdiving.com\/wp-content\/uploads\/2023\/05\/8-Junio-2023-volantino-def-jpg-768x1086.webp 768w, https:\/\/www.blueislandsdiving.com\/wp-content\/uploads\/2023\/05\/8-Junio-2023-volantino-def-jpg-1086x1536.webp 1086w\" sizes=\"auto, (max-width: 437px) 100vw, 437px\" \/><\/p>\n","protected":false},"excerpt":{"rendered":"<p>El D\u00eda Internacional de los Oc\u00e9anos es algo que nos importa mucho aqu\u00ed en el Blue Islands Diving&#8230;.<\/p>\n","protected":false},"author":2,"featured_media":0,"comment_status":"open","ping_status":"open","sticky":false,"template":"","format":"standard","meta":{"footnotes":""},"categories":[37],"tags":[43,44,35,42],"class_list":{"0":"post-2196","1":"post","2":"type-post","3":"status-publish","4":"format-standard","6":"category-eventos","7":"tag-blueislandsdiving-es","8":"tag-calagaldana-es","9":"tag-menorca-es","10":"tag-worldoceanday-es"},"_links":{"self":[{"href":"https:\/\/www.blueislandsdiving.com\/es\/wp-json\/wp\/v2\/posts\/2196","targetHints":{"allow":["GET"]}}],"collection":[{"href":"https:\/\/www.blueislandsdiving.com\/es\/wp-json\/wp\/v2\/posts"}],"about":[{"href":"https:\/\/www.blueislandsdiving.com\/es\/wp-json\/wp\/v2\/types\/post"}],"author":[{"embeddable":true,"href":"https:\/\/www.blueislandsdiving.com\/es\/wp-json\/wp\/v2\/users\/2"}],"replies":[{"embeddable":true,"href":"https:\/\/www.blueislandsdiving.com\/es\/wp-json\/wp\/v2\/comments?post=2196"}],"version-history":[{"count":1,"href":"https:\/\/www.blueislandsdiving.com\/es\/wp-json\/wp\/v2\/posts\/2196\/revisions"}],"predecessor-version":[{"id":2197,"href":"https:\/\/www.blueislandsdiving.com\/es\/wp-json\/wp\/v2\/posts\/2196\/revisions\/2197"}],"wp:attachment":[{"href":"https:\/\/www.blueislandsdiving.com\/es\/wp-json\/wp\/v2\/media?parent=2196"}],"wp:term":[{"taxonomy":"category","embeddable":true,"href":"https:\/\/www.blueislandsdiving.com\/es\/wp-json\/wp\/v2\/categories?post=2196"},{"taxonomy":"post_tag","embeddable":true,"href":"https:\/\/www.blueislandsdiving.com\/es\/wp-json\/wp\/v2\/tags?post=2196"}],"curies":[{"name":"wp","href":"https:\/\/api.w.org\/{rel}","templated":true}]}}